{"id":3415,"date":"2022-02-06T20:37:58","date_gmt":"2022-02-06T19:37:58","guid":{"rendered":"http:\/\/pubweb.carnet.hr\/kkstenjevec\/?p=3415"},"modified":"2022-02-06T20:39:08","modified_gmt":"2022-02-06T19:39:08","slug":"6-2-2022-prvenstvo-zagreba-u-borbama-za-mlade-uzraste","status":"publish","type":"post","link":"https:\/\/kkstenjevec.hr\/?p=3415","title":{"rendered":"6.2.2022. Prvenstvo Zagreba u borbama za mla\u0111e uzraste"},"content":{"rendered":"<p><strong><span style=\"color: #000000\">U\u010denici 13,14g, kategorija -54kg: 2mj \u010colaki\u0107 Antun<\/span><\/strong><br \/>\n<strong><span style=\"color: #000000\">U\u010denici 13,14g, kategorija +69kg: 1mj Lazi\u0107 Leon.<\/span><\/strong><\/p>\n<p><a href=\"http:\/\/pubweb.carnet.hr\/kkstenjevec\/wp-content\/uploads\/sites\/396\/2022\/02\/IMG_7317-e1644175749171.jpg\"><img loading=\"lazy\" decoding=\"async\" class=\"alignleft wp-image-3407 size-thumbnail\" src=\"http:\/\/pubweb.carnet.hr\/kkstenjevec\/wp-content\/uploads\/sites\/396\/2022\/02\/IMG_7317-e1644175749171-150x150.jpg\" alt=\"\" width=\"150\" height=\"150\" \/><\/a> <a href=\"http:\/\/pubweb.carnet.hr\/kkstenjevec\/wp-content\/uploads\/sites\/396\/2022\/02\/IMG_7318-e1644175739885.jpg\"><img loading=\"lazy\" decoding=\"async\" class=\"alignleft size-thumbnail wp-image-3408\" src=\"http:\/\/pubweb.carnet.hr\/kkstenjevec\/wp-content\/uploads\/sites\/396\/2022\/02\/IMG_7318-e1644175739885-150x150.jpg\" alt=\"\" width=\"150\" height=\"150\" \/><\/a> <a href=\"http:\/\/pubweb.carnet.hr\/kkstenjevec\/wp-content\/uploads\/sites\/396\/2022\/02\/IMG_7315-e1644175775630.jpg\"><img loading=\"lazy\" decoding=\"async\" class=\"alignleft size-thumbnail wp-image-3405\" src=\"http:\/\/pubweb.carnet.hr\/kkstenjevec\/wp-content\/uploads\/sites\/396\/2022\/02\/IMG_7315-e1644175775630-150x150.jpg\" alt=\"\" width=\"150\" height=\"150\" \/><\/a> <a href=\"http:\/\/pubweb.carnet.hr\/kkstenjevec\/wp-content\/uploads\/sites\/396\/2022\/02\/IMG_7316-e1644175761827.jpg\"><img loading=\"lazy\" decoding=\"async\" class=\"size-thumbnail wp-image-3406 alignnone\" src=\"http:\/\/pubweb.carnet.hr\/kkstenjevec\/wp-content\/uploads\/sites\/396\/2022\/02\/IMG_7316-e1644175761827-150x150.jpg\" alt=\"\" width=\"150\" height=\"150\" \/><\/a><\/p>\n<p>&nbsp;<\/p>\n","protected":false},"excerpt":{"rendered":"<p>U\u010denici 13,14g, kategorija -54kg: 2mj \u010colaki\u0107 Antun U\u010denici 13,14g, kategorija +69kg: 1mj Lazi\u0107 Leon. &nbsp;<\/p>\n","protected":false},"author":435,"featured_media":0,"comment_status":"closed","ping_status":"closed","sticky":false,"template":"","format":"standard","meta":{"footnotes":""},"categories":[1],"tags":[],"class_list":["post-3415","post","type-post","status-publish","format-standard","hentry","category-nekategorizirano"],"_links":{"self":[{"href":"https:\/\/kkstenjevec.hr\/index.php?rest_route=\/wp\/v2\/posts\/3415","targetHints":{"allow":["GET"]}}],"collection":[{"href":"https:\/\/kkstenjevec.hr\/index.php?rest_route=\/wp\/v2\/posts"}],"about":[{"href":"https:\/\/kkstenjevec.hr\/index.php?rest_route=\/wp\/v2\/types\/post"}],"author":[{"embeddable":true,"href":"https:\/\/kkstenjevec.hr\/index.php?rest_route=\/wp\/v2\/users\/435"}],"replies":[{"embeddable":true,"href":"https:\/\/kkstenjevec.hr\/index.php?rest_route=%2Fwp%2Fv2%2Fcomments&post=3415"}],"version-history":[{"count":2,"href":"https:\/\/kkstenjevec.hr\/index.php?rest_route=\/wp\/v2\/posts\/3415\/revisions"}],"predecessor-version":[{"id":3417,"href":"https:\/\/kkstenjevec.hr\/index.php?rest_route=\/wp\/v2\/posts\/3415\/revisions\/3417"}],"wp:attachment":[{"href":"https:\/\/kkstenjevec.hr\/index.php?rest_route=%2Fwp%2Fv2%2Fmedia&parent=3415"}],"wp:term":[{"taxonomy":"category","embeddable":true,"href":"https:\/\/kkstenjevec.hr\/index.php?rest_route=%2Fwp%2Fv2%2Fcategories&post=3415"},{"taxonomy":"post_tag","embeddable":true,"href":"https:\/\/kkstenjevec.hr\/index.php?rest_route=%2Fwp%2Fv2%2Ftags&post=3415"}],"curies":[{"name":"wp","href":"https:\/\/api.w.org\/{rel}","templated":true}]}}